{"snippets":{"#js-product-list-items-wrapper":{"html":"        \n\u003Cdiv class=\u0022product-tile-item js-product-tile js-block-preloader\u0022 id=\u0022js-product-tile-28906\u0022\u003E\n    \u003Cdiv class=\u0022product-tile-item-foreground js-product-tile-foreground\u0022\u003E\n        \u003Cdiv class=\u0022product-tile-item-info-wrapper\u0022 id=\u0022js-product-tile-28906-info\u0022\u003E\n            \u003Cdiv class=\u0022product-tile-item-basic-info\u0022\u003E\n    \u003Cdiv class=\u0022product-tile-item-image-wrapper position-relative\u0022\u003E\n        \u003Cdiv class=\u0022product-tile-item-image\u0022 \u003E\n            \u003Ca href=\u0022\/sedacka-bellelli-tiger-zadni-cerno-seda-221962\u0022\u003E\n                \u003Cpicture\u003E\n                    \u003Cimg src=\u0022\u0022\n                         data-src=\u0022https:\/\/www.author-sedlacek.cz\/temp\/product\/list\/sedacka-bellelli-tiger-zadni-cerno-seda-img-221962-hlavni-fd-3.png\u0022\n                         alt=\u0022seda\u010dka BELLELLI TIGER zadn\u00ed \u010derno-\u0161ed\u00e1\u0022\n                         class=\u0022img-fluid js-lazy-img lazy-loader--medium\u0022\u003E\n                \u003C\/picture\u003E\n            \u003C\/a\u003E\n        \u003C\/div\u003E\n        \u003Cdiv class=\u0022product-tile-item-tags-wrapper\u0022\u003E\n    \u003Cdiv class=\u0022product-item-tags-left\u0022\u003E\n                                                                \u003Cdiv class=\u0022product-tile-tags-manufacturer\u0022\u003E\n                \u003Ca href=\u0022\/bellelli\u0022\u003E\n                    \u003Cimg src=\u0022https:\/\/www.author-sedlacek.cz\/images\/manufacturer-front-tag\/68.png\u0022\n                         alt=\u0022BELLELLI\u0022 class=\u0022img-fluid\u0022\n                         loading=\u0022lazy\u0022\u003E\n                \u003C\/a\u003E\n            \u003C\/div\u003E\n                            \u003C\/div\u003E\n    \u003Cdiv class=\u0022product-item-tags-right\u0022\u003E\n                                                            \u003C\/div\u003E\n\u003C\/div\u003E    \u003C\/div\u003E\n\n                    \n    \u003Cdiv class=\u0022product-tile-item-heading-info\u0022\u003E\n                    \u003Cdiv class=\u0022product-tile-category\u0022\u003EZadn\u00ed seda\u010dky\u003C\/div\u003E\n                \u003Ch2 class=\u0022product-tile-heading\u0022\u003E\u003Ca href=\u0022\/sedacka-bellelli-tiger-zadni-cerno-seda-221962\u0022\u003Eseda\u010dka BELLELLI TIGER zadn\u00ed \u010derno-\u0161ed\u00e1\u003C\/a\u003E\u003C\/h2\u003E\n    \u003C\/div\u003E\n\n    \u003Cdiv class=\u0022product-tile-item-params\u0022\u003E\n                                            \u003C\/div\u003E\n\n        \u003Cdiv class=\u0022product-tile-item-price-availability\u0022\u003E\n                    \u003Cdiv class=\u0022product-tile-item-price-wrapper\u0022\u003E\n                \n    \n    \u003Cdiv class=\u0022price-current\u0022\u003E\n        2 399 K\u010d\n    \u003C\/div\u003E\n\n            \u003Cdiv class=\u0022price-info\u0022\u003E\n            1 983 K\u010d bez DPH\n        \u003C\/div\u003E\n                \u003C\/div\u003E\n                \u003Cdiv class=\u0022product-tile-item-availability-wrapper\u0022\u003E\n            \u003Cdiv class=\u0022availability\u0022 style=\u0022color: #fb8908;\u0022\u003E\n    \u003Cspan class=\u0022availability-icon icon-glass-hour\u0022\u003E\u003C\/span\u003E    Do t\u00fddne\n    \u003C\/div\u003E        \u003C\/div\u003E\n    \u003C\/div\u003E\n\u003C\/div\u003E\n\u003Cdiv class=\u0022product-tile-item-extended-info\u0022\u003E\n\n        \n    \n    \u003Cdiv class=\u0022product-tile-item-services\u0022\u003E\n        \u003Ca href=\u0022\/product\/favourite\/add\/28906\u0022 rel=\u0022nofollow\u0022 class=\u0022service-item \u0022 data-product-favourite=\u002228906\u0022 data-method=\u0022POST\u0022\u003E\u003Cspan class=\u0022icon-heart\u0022\u003E\u003C\/span\u003E Obl\u00edben\u00e9\u003C\/a\u003E        \u003Ca href=\u0022\/product-variant\/compare\/44964%7D\u0022\n   rel=\u0022nofollow\u0022\n   class=\u0022service-item js-ajax\u0022\n   data-method=\u0022POST\u0022\n   data-product-variant-compare-toggler=\u002244964\u0022\n\u003E\n    \u003Cspan class=\u0022icon-scales\u0022\u003E\u003C\/span\u003E\n    \u003Cspan class=\u0022product-detail-main-description-actions-text\u0022\u003EPorovnat\u003C\/span\u003E\n\u003C\/a\u003E        \u003Cspan class=\u0022service-item\u0022\u003E\u003Cspan class=\u0022icon-chart\u0022\u003E\u003C\/span\u003E 221962\u003C\/span\u003E\n    \u003C\/div\u003E\n                    \u003Cform name=\u0022product_front_add_to_cart_form\u0022 method=\u0022post\u0022 action=\u0022\/product\/add-to-cart\u0022 class=\u0022js-ajax\u0022\u003E\n    \n\n    \u003Cdiv class=\u0022product-tile-item-action-wrapper\u0022\u003E\n        \u003Ca href=\u0022\/sedacka-bellelli-tiger-zadni-cerno-seda-221962\u0022 class=\u0022btn-tile\u0022\n           data-text-desktop=\u0022Detail produktu\u0022\n           data-text-mobile=\u0022Detail\u0022\u003E\u003C\/a\u003E\n                    \u003Cdiv class=\u0022product-tile-item-input-wrapper js-counter-wrapper\u0022\u003E\n                \u003Cdiv class=\u0022product-tile-item-input-number\u0022\u003E\n                    \u003Cinput type=\u0022text\u0022 id=\u0022product_front_add_to_cart_form_formType_quantity\u0022 name=\u0022product_front_add_to_cart_form[formType][quantity]\u0022 required=\u0022required\u0022 class=\u0022js-counter-input\u0022 data-step=\u00221\u0022 value=\u00221\u0022 \/\u003E\n                \u003C\/div\u003E\n                \u003Cdiv class=\u0022product-tile-item-input-buttons\u0022\u003E\n                    \u003Cdiv class=\u0022tile-plus-button js-counter-plus\u0022\u003E\u003Cspan class=\u0022icon-plus\u0022\u003E\u003C\/span\u003E\n                    \u003C\/div\u003E\n                    \u003Cdiv class=\u0022tile-minus-button js-counter-minus\u0022\u003E\u003Cspan class=\u0022icon-minus\u0022\u003E\u003C\/span\u003E\n                    \u003C\/div\u003E\n                \u003C\/div\u003E\n                                \u003Cdiv class=\u0022product-tile-item-input-cart\u0022\u003E\n                    \u003Cbutton type=\u0022submit\u0022 id=\u0022product_front_add_to_cart_form_submit\u0022 name=\u0022product_front_add_to_cart_form[submit]\u0022 class=\u0022tile-cart-button\u0022 data-text-mobile=\u0022Koupit\u0022\u003E\u003Cspan class=\u0022icon-shopping-cart\u0022\u003E\u003C\/span\u003E\u003C\/button\u003E\n                \u003C\/div\u003E\n            \u003C\/div\u003E\n            \u003C\/div\u003E\n            \u003Cdiv\u003E\u003Cdiv id=\u0022product_front_add_to_cart_form_formType\u0022\u003E\u003Cinput type=\u0022hidden\u0022 id=\u0022product_front_add_to_cart_form_formType_variantId\u0022 name=\u0022product_front_add_to_cart_form[formType][variantId]\u0022 value=\u002244964\u0022 \/\u003E\u003Cinput type=\u0022hidden\u0022 id=\u0022product_front_add_to_cart_form_formType_exactQuantity\u0022 name=\u0022product_front_add_to_cart_form[formType][exactQuantity]\u0022 \/\u003E\u003C\/div\u003E\u003C\/div\u003E\u003C\/form\u003E\n    \u003C\/div\u003E        \u003C\/div\u003E\n                                        \u003C\/div\u003E\n\u003C\/div\u003E        \n\u003Cdiv class=\u0022product-tile-item js-product-tile js-block-preloader\u0022 id=\u0022js-product-tile-28911\u0022\u003E\n    \u003Cdiv class=\u0022product-tile-item-foreground js-product-tile-foreground\u0022\u003E\n        \u003Cdiv class=\u0022product-tile-item-info-wrapper\u0022 id=\u0022js-product-tile-28911-info\u0022\u003E\n            \u003Cdiv class=\u0022product-tile-item-basic-info\u0022\u003E\n    \u003Cdiv class=\u0022product-tile-item-image-wrapper position-relative\u0022\u003E\n        \u003Cdiv class=\u0022product-tile-item-image\u0022 \u003E\n            \u003Ca href=\u0022\/sedacka-bellelli-freccia-predni-sedo-cervena-22174\u0022\u003E\n                \u003Cpicture\u003E\n                    \u003Cimg src=\u0022\u0022\n                         data-src=\u0022https:\/\/www.author-sedlacek.cz\/temp\/product\/list\/sedacka-bellelli-freccia-predni-sedo-cervena-img-22174-hlavni-fd-3.png\u0022\n                         alt=\u0022seda\u010dka BELLELLI FRECCIA p\u0159edn\u00ed \u0161edo-\u010derven\u00e1\u0022\n                         class=\u0022img-fluid js-lazy-img lazy-loader--medium\u0022\u003E\n                \u003C\/picture\u003E\n            \u003C\/a\u003E\n        \u003C\/div\u003E\n        \u003Cdiv class=\u0022product-tile-item-tags-wrapper\u0022\u003E\n    \u003Cdiv class=\u0022product-item-tags-left\u0022\u003E\n                                                                \u003Cdiv class=\u0022product-tile-tags-manufacturer\u0022\u003E\n                \u003Ca href=\u0022\/bellelli\u0022\u003E\n                    \u003Cimg src=\u0022https:\/\/www.author-sedlacek.cz\/images\/manufacturer-front-tag\/68.png\u0022\n                         alt=\u0022BELLELLI\u0022 class=\u0022img-fluid\u0022\n                         loading=\u0022lazy\u0022\u003E\n                \u003C\/a\u003E\n            \u003C\/div\u003E\n                            \u003C\/div\u003E\n    \u003Cdiv class=\u0022product-item-tags-right\u0022\u003E\n                                                            \u003C\/div\u003E\n\u003C\/div\u003E    \u003C\/div\u003E\n\n                    \n    \u003Cdiv class=\u0022product-tile-item-heading-info\u0022\u003E\n                    \u003Cdiv class=\u0022product-tile-category\u0022\u003EP\u0159edn\u00ed seda\u010dky\u003C\/div\u003E\n                \u003Ch2 class=\u0022product-tile-heading\u0022\u003E\u003Ca href=\u0022\/sedacka-bellelli-freccia-predni-sedo-cervena-22174\u0022\u003Eseda\u010dka BELLELLI FRECCIA p\u0159edn\u00ed \u0161edo-\u010derven\u00e1\u003C\/a\u003E\u003C\/h2\u003E\n    \u003C\/div\u003E\n\n    \u003Cdiv class=\u0022product-tile-item-params\u0022\u003E\n                                            \u003C\/div\u003E\n\n        \u003Cdiv class=\u0022product-tile-item-price-availability\u0022\u003E\n                    \u003Cdiv class=\u0022product-tile-item-price-wrapper\u0022\u003E\n                \n    \n    \u003Cdiv class=\u0022price-current\u0022\u003E\n        1 699 K\u010d\n    \u003C\/div\u003E\n\n            \u003Cdiv class=\u0022price-info\u0022\u003E\n            1 404 K\u010d bez DPH\n        \u003C\/div\u003E\n                \u003C\/div\u003E\n                \u003Cdiv class=\u0022product-tile-item-availability-wrapper\u0022\u003E\n            \u003Cdiv class=\u0022availability\u0022 style=\u0022color: #fb8908;\u0022\u003E\n    \u003Cspan class=\u0022availability-icon icon-glass-hour\u0022\u003E\u003C\/span\u003E    Do t\u00fddne\n    \u003C\/div\u003E        \u003C\/div\u003E\n    \u003C\/div\u003E\n\u003C\/div\u003E\n\u003Cdiv class=\u0022product-tile-item-extended-info\u0022\u003E\n\n        \n    \n    \u003Cdiv class=\u0022product-tile-item-services\u0022\u003E\n        \u003Ca href=\u0022\/product\/favourite\/add\/28911\u0022 rel=\u0022nofollow\u0022 class=\u0022service-item \u0022 data-product-favourite=\u002228911\u0022 data-method=\u0022POST\u0022\u003E\u003Cspan class=\u0022icon-heart\u0022\u003E\u003C\/span\u003E Obl\u00edben\u00e9\u003C\/a\u003E        \u003Ca href=\u0022\/product-variant\/compare\/44969%7D\u0022\n   rel=\u0022nofollow\u0022\n   class=\u0022service-item js-ajax\u0022\n   data-method=\u0022POST\u0022\n   data-product-variant-compare-toggler=\u002244969\u0022\n\u003E\n    \u003Cspan class=\u0022icon-scales\u0022\u003E\u003C\/span\u003E\n    \u003Cspan class=\u0022product-detail-main-description-actions-text\u0022\u003EPorovnat\u003C\/span\u003E\n\u003C\/a\u003E        \u003Cspan class=\u0022service-item\u0022\u003E\u003Cspan class=\u0022icon-chart\u0022\u003E\u003C\/span\u003E 22174\u003C\/span\u003E\n    \u003C\/div\u003E\n                    \u003Cform name=\u0022product_front_add_to_cart_form\u0022 method=\u0022post\u0022 action=\u0022\/product\/add-to-cart\u0022 class=\u0022js-ajax\u0022\u003E\n    \n\n    \u003Cdiv class=\u0022product-tile-item-action-wrapper\u0022\u003E\n        \u003Ca href=\u0022\/sedacka-bellelli-freccia-predni-sedo-cervena-22174\u0022 class=\u0022btn-tile\u0022\n           data-text-desktop=\u0022Detail produktu\u0022\n           data-text-mobile=\u0022Detail\u0022\u003E\u003C\/a\u003E\n                    \u003Cdiv class=\u0022product-tile-item-input-wrapper js-counter-wrapper\u0022\u003E\n                \u003Cdiv class=\u0022product-tile-item-input-number\u0022\u003E\n                    \u003Cinput type=\u0022text\u0022 id=\u0022product_front_add_to_cart_form_formType_quantity\u0022 name=\u0022product_front_add_to_cart_form[formType][quantity]\u0022 required=\u0022required\u0022 class=\u0022js-counter-input\u0022 data-step=\u00221\u0022 value=\u00221\u0022 \/\u003E\n                \u003C\/div\u003E\n                \u003Cdiv class=\u0022product-tile-item-input-buttons\u0022\u003E\n                    \u003Cdiv class=\u0022tile-plus-button js-counter-plus\u0022\u003E\u003Cspan class=\u0022icon-plus\u0022\u003E\u003C\/span\u003E\n                    \u003C\/div\u003E\n                    \u003Cdiv class=\u0022tile-minus-button js-counter-minus\u0022\u003E\u003Cspan class=\u0022icon-minus\u0022\u003E\u003C\/span\u003E\n                    \u003C\/div\u003E\n                \u003C\/div\u003E\n                                \u003Cdiv class=\u0022product-tile-item-input-cart\u0022\u003E\n                    \u003Cbutton type=\u0022submit\u0022 id=\u0022product_front_add_to_cart_form_submit\u0022 name=\u0022product_front_add_to_cart_form[submit]\u0022 class=\u0022tile-cart-button\u0022 data-text-mobile=\u0022Koupit\u0022\u003E\u003Cspan class=\u0022icon-shopping-cart\u0022\u003E\u003C\/span\u003E\u003C\/button\u003E\n                \u003C\/div\u003E\n            \u003C\/div\u003E\n            \u003C\/div\u003E\n            \u003Cdiv\u003E\u003Cdiv id=\u0022product_front_add_to_cart_form_formType\u0022\u003E\u003Cinput type=\u0022hidden\u0022 id=\u0022product_front_add_to_cart_form_formType_variantId\u0022 name=\u0022product_front_add_to_cart_form[formType][variantId]\u0022 value=\u002244969\u0022 \/\u003E\u003Cinput type=\u0022hidden\u0022 id=\u0022product_front_add_to_cart_form_formType_exactQuantity\u0022 name=\u0022product_front_add_to_cart_form[formType][exactQuantity]\u0022 \/\u003E\u003C\/div\u003E\u003C\/div\u003E\u003C\/form\u003E\n    \u003C\/div\u003E        \u003C\/div\u003E\n                                        \u003C\/div\u003E\n\u003C\/div\u003E        \n\u003Cdiv class=\u0022product-tile-item js-product-tile js-block-preloader\u0022 id=\u0022js-product-tile-28974\u0022\u003E\n    \u003Cdiv class=\u0022product-tile-item-foreground js-product-tile-foreground\u0022\u003E\n        \u003Cdiv class=\u0022product-tile-item-info-wrapper\u0022 id=\u0022js-product-tile-28974-info\u0022\u003E\n            \u003Cdiv class=\u0022product-tile-item-basic-info\u0022\u003E\n    \u003Cdiv class=\u0022product-tile-item-image-wrapper position-relative\u0022\u003E\n        \u003Cdiv class=\u0022product-tile-item-image\u0022 \u003E\n            \u003Ca href=\u0022\/sedacka-bellelli-tatoo-plus-predni-svetle-seda-22173\u0022\u003E\n                \u003Cpicture\u003E\n                    \u003Cimg src=\u0022\u0022\n                         data-src=\u0022https:\/\/www.author-sedlacek.cz\/temp\/product\/list\/sedacka-bellelli-tatoo-plus-predni-svetle-seda-img-22173-hlavni-fd-3.png\u0022\n                         alt=\u0022seda\u010dka BELLELLI TATOO PLUS p\u0159edn\u00ed sv\u011btle \u0161ed\u00e1\u0022\n                         class=\u0022img-fluid js-lazy-img lazy-loader--medium\u0022\u003E\n                \u003C\/picture\u003E\n            \u003C\/a\u003E\n        \u003C\/div\u003E\n        \u003Cdiv class=\u0022product-tile-item-tags-wrapper\u0022\u003E\n    \u003Cdiv class=\u0022product-item-tags-left\u0022\u003E\n                                                                \u003Cdiv class=\u0022product-tile-tags-manufacturer\u0022\u003E\n                \u003Ca href=\u0022\/bellelli\u0022\u003E\n                    \u003Cimg src=\u0022https:\/\/www.author-sedlacek.cz\/images\/manufacturer-front-tag\/68.png\u0022\n                         alt=\u0022BELLELLI\u0022 class=\u0022img-fluid\u0022\n                         loading=\u0022lazy\u0022\u003E\n                \u003C\/a\u003E\n            \u003C\/div\u003E\n                            \u003C\/div\u003E\n    \u003Cdiv class=\u0022product-item-tags-right\u0022\u003E\n                                                            \u003C\/div\u003E\n\u003C\/div\u003E    \u003C\/div\u003E\n\n                    \n    \u003Cdiv class=\u0022product-tile-item-heading-info\u0022\u003E\n                    \u003Cdiv class=\u0022product-tile-category\u0022\u003EP\u0159edn\u00ed seda\u010dky\u003C\/div\u003E\n                \u003Ch2 class=\u0022product-tile-heading\u0022\u003E\u003Ca href=\u0022\/sedacka-bellelli-tatoo-plus-predni-svetle-seda-22173\u0022\u003Eseda\u010dka BELLELLI TATOO PLUS p\u0159edn\u00ed sv\u011btle \u0161ed\u00e1\u003C\/a\u003E\u003C\/h2\u003E\n    \u003C\/div\u003E\n\n    \u003Cdiv class=\u0022product-tile-item-params\u0022\u003E\n                                            \u003C\/div\u003E\n\n        \u003Cdiv class=\u0022product-tile-item-price-availability\u0022\u003E\n                    \u003Cdiv class=\u0022product-tile-item-price-wrapper\u0022\u003E\n                \n    \n    \u003Cdiv class=\u0022price-current\u0022\u003E\n        1 099 K\u010d\n    \u003C\/div\u003E\n\n            \u003Cdiv class=\u0022price-info\u0022\u003E\n            908 K\u010d bez DPH\n        \u003C\/div\u003E\n                \u003C\/div\u003E\n                \u003Cdiv class=\u0022product-tile-item-availability-wrapper\u0022\u003E\n            \u003Cdiv class=\u0022availability\u0022 style=\u0022color: #fb8908;\u0022\u003E\n    \u003Cspan class=\u0022availability-icon icon-glass-hour\u0022\u003E\u003C\/span\u003E    Do t\u00fddne\n    \u003C\/div\u003E        \u003C\/div\u003E\n    \u003C\/div\u003E\n\u003C\/div\u003E\n\u003Cdiv class=\u0022product-tile-item-extended-info\u0022\u003E\n\n        \n    \n    \u003Cdiv class=\u0022product-tile-item-services\u0022\u003E\n        \u003Ca href=\u0022\/product\/favourite\/add\/28974\u0022 rel=\u0022nofollow\u0022 class=\u0022service-item \u0022 data-product-favourite=\u002228974\u0022 data-method=\u0022POST\u0022\u003E\u003Cspan class=\u0022icon-heart\u0022\u003E\u003C\/span\u003E Obl\u00edben\u00e9\u003C\/a\u003E        \u003Ca href=\u0022\/product-variant\/compare\/45035%7D\u0022\n   rel=\u0022nofollow\u0022\n   class=\u0022service-item js-ajax\u0022\n   data-method=\u0022POST\u0022\n   data-product-variant-compare-toggler=\u002245035\u0022\n\u003E\n    \u003Cspan class=\u0022icon-scales\u0022\u003E\u003C\/span\u003E\n    \u003Cspan class=\u0022product-detail-main-description-actions-text\u0022\u003EPorovnat\u003C\/span\u003E\n\u003C\/a\u003E        \u003Cspan class=\u0022service-item\u0022\u003E\u003Cspan class=\u0022icon-chart\u0022\u003E\u003C\/span\u003E 22173\u003C\/span\u003E\n    \u003C\/div\u003E\n                    \u003Cform name=\u0022product_front_add_to_cart_form\u0022 method=\u0022post\u0022 action=\u0022\/product\/add-to-cart\u0022 class=\u0022js-ajax\u0022\u003E\n    \n\n    \u003Cdiv class=\u0022product-tile-item-action-wrapper\u0022\u003E\n        \u003Ca href=\u0022\/sedacka-bellelli-tatoo-plus-predni-svetle-seda-22173\u0022 class=\u0022btn-tile\u0022\n           data-text-desktop=\u0022Detail produktu\u0022\n           data-text-mobile=\u0022Detail\u0022\u003E\u003C\/a\u003E\n                    \u003Cdiv class=\u0022product-tile-item-input-wrapper js-counter-wrapper\u0022\u003E\n                \u003Cdiv class=\u0022product-tile-item-input-number\u0022\u003E\n                    \u003Cinput type=\u0022text\u0022 id=\u0022product_front_add_to_cart_form_formType_quantity\u0022 name=\u0022product_front_add_to_cart_form[formType][quantity]\u0022 required=\u0022required\u0022 class=\u0022js-counter-input\u0022 data-step=\u00221\u0022 value=\u00221\u0022 \/\u003E\n                \u003C\/div\u003E\n                \u003Cdiv class=\u0022product-tile-item-input-buttons\u0022\u003E\n                    \u003Cdiv class=\u0022tile-plus-button js-counter-plus\u0022\u003E\u003Cspan class=\u0022icon-plus\u0022\u003E\u003C\/span\u003E\n                    \u003C\/div\u003E\n                    \u003Cdiv class=\u0022tile-minus-button js-counter-minus\u0022\u003E\u003Cspan class=\u0022icon-minus\u0022\u003E\u003C\/span\u003E\n                    \u003C\/div\u003E\n                \u003C\/div\u003E\n                                \u003Cdiv class=\u0022product-tile-item-input-cart\u0022\u003E\n                    \u003Cbutton type=\u0022submit\u0022 id=\u0022product_front_add_to_cart_form_submit\u0022 name=\u0022product_front_add_to_cart_form[submit]\u0022 class=\u0022tile-cart-button\u0022 data-text-mobile=\u0022Koupit\u0022\u003E\u003Cspan class=\u0022icon-shopping-cart\u0022\u003E\u003C\/span\u003E\u003C\/button\u003E\n                \u003C\/div\u003E\n            \u003C\/div\u003E\n            \u003C\/div\u003E\n            \u003Cdiv\u003E\u003Cdiv id=\u0022product_front_add_to_cart_form_formType\u0022\u003E\u003Cinput type=\u0022hidden\u0022 id=\u0022product_front_add_to_cart_form_formType_variantId\u0022 name=\u0022product_front_add_to_cart_form[formType][variantId]\u0022 value=\u002245035\u0022 \/\u003E\u003Cinput type=\u0022hidden\u0022 id=\u0022product_front_add_to_cart_form_formType_exactQuantity\u0022 name=\u0022product_front_add_to_cart_form[formType][exactQuantity]\u0022 \/\u003E\u003C\/div\u003E\u003C\/div\u003E\u003C\/form\u003E\n    \u003C\/div\u003E        \u003C\/div\u003E\n                                        \u003C\/div\u003E\n\u003C\/div\u003E        \n\u003Cdiv class=\u0022product-tile-item js-product-tile js-block-preloader\u0022 id=\u0022js-product-tile-28975\u0022\u003E\n    \u003Cdiv class=\u0022product-tile-item-foreground js-product-tile-foreground\u0022\u003E\n        \u003Cdiv class=\u0022product-tile-item-info-wrapper\u0022 id=\u0022js-product-tile-28975-info\u0022\u003E\n            \u003Cdiv class=\u0022product-tile-item-basic-info\u0022\u003E\n    \u003Cdiv class=\u0022product-tile-item-image-wrapper position-relative\u0022\u003E\n        \u003Cdiv class=\u0022product-tile-item-image\u0022 \u003E\n            \u003Ca href=\u0022\/sedacka-bellelli-pepe-zadni-na-nosic-ledove-modra-221868\u0022\u003E\n                \u003Cpicture\u003E\n                    \u003Cimg src=\u0022\u0022\n                         data-src=\u0022https:\/\/www.author-sedlacek.cz\/temp\/product\/list\/sedacka-bellelli-pepe-zadni-na-nosic-ledove-modra-img-221868-hlavni-fd-3.png\u0022\n                         alt=\u0022seda\u010dka BELLELLI PEPE zadn\u00ed na nosi\u010d ledov\u011b modr\u00e1\u0022\n                         class=\u0022img-fluid js-lazy-img lazy-loader--medium\u0022\u003E\n                \u003C\/picture\u003E\n            \u003C\/a\u003E\n        \u003C\/div\u003E\n        \u003Cdiv class=\u0022product-tile-item-tags-wrapper\u0022\u003E\n    \u003Cdiv class=\u0022product-item-tags-left\u0022\u003E\n                                                                \u003Cdiv class=\u0022product-tile-tags-manufacturer\u0022\u003E\n                \u003Ca href=\u0022\/bellelli\u0022\u003E\n                    \u003Cimg src=\u0022https:\/\/www.author-sedlacek.cz\/images\/manufacturer-front-tag\/68.png\u0022\n                         alt=\u0022BELLELLI\u0022 class=\u0022img-fluid\u0022\n                         loading=\u0022lazy\u0022\u003E\n                \u003C\/a\u003E\n            \u003C\/div\u003E\n                            \u003C\/div\u003E\n    \u003Cdiv class=\u0022product-item-tags-right\u0022\u003E\n                                                            \u003C\/div\u003E\n\u003C\/div\u003E    \u003C\/div\u003E\n\n                    \n    \u003Cdiv class=\u0022product-tile-item-heading-info\u0022\u003E\n                    \u003Cdiv class=\u0022product-tile-category\u0022\u003EZadn\u00ed seda\u010dky\u003C\/div\u003E\n                \u003Ch2 class=\u0022product-tile-heading\u0022\u003E\u003Ca href=\u0022\/sedacka-bellelli-pepe-zadni-na-nosic-ledove-modra-221868\u0022\u003Eseda\u010dka BELLELLI PEPE zadn\u00ed na nosi\u010d ledov\u011b modr\u00e1\u003C\/a\u003E\u003C\/h2\u003E\n    \u003C\/div\u003E\n\n    \u003Cdiv class=\u0022product-tile-item-params\u0022\u003E\n                                            \u003C\/div\u003E\n\n        \u003Cdiv class=\u0022product-tile-item-price-availability\u0022\u003E\n                    \u003Cdiv class=\u0022product-tile-item-price-wrapper\u0022\u003E\n                \n    \n    \u003Cdiv class=\u0022price-current\u0022\u003E\n        1 299 K\u010d\n    \u003C\/div\u003E\n\n            \u003Cdiv class=\u0022price-info\u0022\u003E\n            1 074 K\u010d bez DPH\n        \u003C\/div\u003E\n                \u003C\/div\u003E\n                \u003Cdiv class=\u0022product-tile-item-availability-wrapper\u0022\u003E\n            \u003Cdiv class=\u0022availability\u0022 style=\u0022color: #fb8908;\u0022\u003E\n    \u003Cspan class=\u0022availability-icon icon-glass-hour\u0022\u003E\u003C\/span\u003E    Do t\u00fddne\n    \u003C\/div\u003E        \u003C\/div\u003E\n    \u003C\/div\u003E\n\u003C\/div\u003E\n\u003Cdiv class=\u0022product-tile-item-extended-info\u0022\u003E\n\n        \n    \n    \u003Cdiv class=\u0022product-tile-item-services\u0022\u003E\n        \u003Ca href=\u0022\/product\/favourite\/add\/28975\u0022 rel=\u0022nofollow\u0022 class=\u0022service-item \u0022 data-product-favourite=\u002228975\u0022 data-method=\u0022POST\u0022\u003E\u003Cspan class=\u0022icon-heart\u0022\u003E\u003C\/span\u003E Obl\u00edben\u00e9\u003C\/a\u003E        \u003Ca href=\u0022\/product-variant\/compare\/45036%7D\u0022\n   rel=\u0022nofollow\u0022\n   class=\u0022service-item js-ajax\u0022\n   data-method=\u0022POST\u0022\n   data-product-variant-compare-toggler=\u002245036\u0022\n\u003E\n    \u003Cspan class=\u0022icon-scales\u0022\u003E\u003C\/span\u003E\n    \u003Cspan class=\u0022product-detail-main-description-actions-text\u0022\u003EPorovnat\u003C\/span\u003E\n\u003C\/a\u003E        \u003Cspan class=\u0022service-item\u0022\u003E\u003Cspan class=\u0022icon-chart\u0022\u003E\u003C\/span\u003E 221868\u003C\/span\u003E\n    \u003C\/div\u003E\n                    \u003Cform name=\u0022product_front_add_to_cart_form\u0022 method=\u0022post\u0022 action=\u0022\/product\/add-to-cart\u0022 class=\u0022js-ajax\u0022\u003E\n    \n\n    \u003Cdiv class=\u0022product-tile-item-action-wrapper\u0022\u003E\n        \u003Ca href=\u0022\/sedacka-bellelli-pepe-zadni-na-nosic-ledove-modra-221868\u0022 class=\u0022btn-tile\u0022\n           data-text-desktop=\u0022Detail produktu\u0022\n           data-text-mobile=\u0022Detail\u0022\u003E\u003C\/a\u003E\n                    \u003Cdiv class=\u0022product-tile-item-input-wrapper js-counter-wrapper\u0022\u003E\n                \u003Cdiv class=\u0022product-tile-item-input-number\u0022\u003E\n                    \u003Cinput type=\u0022text\u0022 id=\u0022product_front_add_to_cart_form_formType_quantity\u0022 name=\u0022product_front_add_to_cart_form[formType][quantity]\u0022 required=\u0022required\u0022 class=\u0022js-counter-input\u0022 data-step=\u00221\u0022 value=\u00221\u0022 \/\u003E\n                \u003C\/div\u003E\n                \u003Cdiv class=\u0022product-tile-item-input-buttons\u0022\u003E\n                    \u003Cdiv class=\u0022tile-plus-button js-counter-plus\u0022\u003E\u003Cspan class=\u0022icon-plus\u0022\u003E\u003C\/span\u003E\n                    \u003C\/div\u003E\n                    \u003Cdiv class=\u0022tile-minus-button js-counter-minus\u0022\u003E\u003Cspan class=\u0022icon-minus\u0022\u003E\u003C\/span\u003E\n                    \u003C\/div\u003E\n                \u003C\/div\u003E\n                                \u003Cdiv class=\u0022product-tile-item-input-cart\u0022\u003E\n                    \u003Cbutton type=\u0022submit\u0022 id=\u0022product_front_add_to_cart_form_submit\u0022 name=\u0022product_front_add_to_cart_form[submit]\u0022 class=\u0022tile-cart-button\u0022 data-text-mobile=\u0022Koupit\u0022\u003E\u003Cspan class=\u0022icon-shopping-cart\u0022\u003E\u003C\/span\u003E\u003C\/button\u003E\n                \u003C\/div\u003E\n            \u003C\/div\u003E\n            \u003C\/div\u003E\n            \u003Cdiv\u003E\u003Cdiv id=\u0022product_front_add_to_cart_form_formType\u0022\u003E\u003Cinput type=\u0022hidden\u0022 id=\u0022product_front_add_to_cart_form_formType_variantId\u0022 name=\u0022product_front_add_to_cart_form[formType][variantId]\u0022 value=\u002245036\u0022 \/\u003E\u003Cinput type=\u0022hidden\u0022 id=\u0022product_front_add_to_cart_form_formType_exactQuantity\u0022 name=\u0022product_front_add_to_cart_form[formType][exactQuantity]\u0022 \/\u003E\u003C\/div\u003E\u003C\/div\u003E\u003C\/form\u003E\n    \u003C\/div\u003E        \u003C\/div\u003E\n                                        \u003C\/div\u003E\n\u003C\/div\u003E","action":"append"},"#js-pagination-wrapper":{"html":"\u003Cdiv class=\u0022product-list-tiles-pagination\u0022 id=\u0022js-pagination-wrapper\u0022\u003E\n                                        \n    \u003Cdiv class=\u0022product-list-tiles-more-wrapper\u0022 id=\u0022js-pagination-show-more\u0022\u003E\n                \u003Cdiv class=\u0022product-list-tiles-more-note\u0022\u003Ezobrazeno 44 z 44\u003C\/div\u003E\n    \u003C\/div\u003E\n    \u003Cdiv class=\u0022product-list-tiles-pagination-wrapper\u0022\u003E\n        \u003Cul class=\u0022pagination\u0022\u003E\n            \u003Cli class=\u0022page-item-break\u0022\u003E\u003C\/li\u003E\n            \u003Cli class=\u0022page-item pagination-item-left\u0022\u003E\n                \u003Ca class=\u0022page-link js-product-scroll  js-ajax\u0022\n                   href=\u0022\/bellelli?page=1\u0026amp;displayedPages=1\u0022\u003E\u003Cspan\n                            class=\u0022icon-double-chevron-left\u0022\u003E\u003C\/span\u003E\u003C\/a\u003E\n            \u003C\/li\u003E\n\n                        \u003Cli class=\u0022page-item pagination-item-left\u0022\u003E\n                \u003Ca class=\u0022page-link js-product-scroll  js-ajax\u0022\n                   href=\u0022\/bellelli?page=1\u0026amp;displayedPages=1\u0022\u003E\u003Cspan\n                            class=\u0022icon-arrow-left\u0022\u003E\u003C\/span\u003E\u003C\/a\u003E\n            \u003C\/li\u003E\n\n                            \u003Cli class=\u0022page-item\u0022\u003E\n                    \u003Ca class=\u0022page-link js-product-scroll  js-ajax\u0022\n                       href=\u0022\/bellelli?page=1\u0026amp;displayedPages=1\u0022\u003E1\u003C\/a\u003E\n                \u003C\/li\u003E\n                            \u003Cli class=\u0022page-item active\u0022\u003E\n                    \u003Ca class=\u0022page-link js-product-scroll  js-ajax\u0022\n                       href=\u0022\/bellelli?page=2\u0026amp;displayedPages=1\u0022\u003E2\u003C\/a\u003E\n                \u003C\/li\u003E\n            \n                        \u003Cli class=\u0022page-item pagination-item-right disabled\u0022\u003E\n                \u003Ca class=\u0022page-link js-product-scroll  js-ajax\u0022\n                   href=\u0022\/bellelli?page=2\u0026amp;displayedPages=1\u0022\u003E\u003Cspan\n                            class=\u0022icon-arrow-right\u0022\u003E\u003C\/span\u003E\u003C\/a\u003E\n            \u003C\/li\u003E\n\n            \u003Cli class=\u0022page-item pagination-item-right disabled\u0022\u003E\n                \u003Ca class=\u0022page-link js-product-scroll  js-ajax\u0022\n                   href=\u0022\/bellelli?page=2\u0026amp;displayedPages=1\u0022\u003E\u003Cspan\n                            class=\u0022icon-double-chevron-right\u0022\u003E\u003C\/span\u003E\u003C\/a\u003E\n            \u003C\/li\u003E\n        \u003C\/ul\u003E\n    \u003C\/div\u003E\n\n\u003C\/div\u003E","action":"replace"}},"actions":{"historyPushState":{"url":"\/bellelli?displayedPages=2\u0026page=2","state":[],"title":"stateChange"}}}